{"id":842,"date":"2023-04-24T13:41:03","date_gmt":"2023-04-24T11:41:03","guid":{"rendered":"https:\/\/observatoiredelasanteinternationale.fr\/?p=842"},"modified":"2023-04-24T13:46:30","modified_gmt":"2023-04-24T11:46:30","slug":"comprendre-le-systeme-de-sante-mexicain","status":"publish","type":"post","link":"https:\/\/observatoiredelasanteinternationale.fr\/index.php\/2023\/04\/24\/comprendre-le-systeme-de-sante-mexicain\/","title":{"rendered":"Comprendre le syst\u00e8me de sant\u00e9 mexicain"},"content":{"rendered":"\r\n<h1 class=\"wp-block-heading\"><span style=\"vertical-align: inherit;\"><span style=\"vertical-align: inherit;\"><span style=\"vertical-align: inherit;\"><span style=\"vertical-align: inherit;\">Comprendre le syst\u00e8me de sant\u00e9 mexicain<\/span><\/span><\/span><\/span><\/h1>\r\n\r\n\r\n\r\n<p><span style=\"vertical-align: inherit;\"><span style=\"vertical-align: inherit;\"><span style=\"vertical-align: inherit;\"><span style=\"vertical-align: inherit;\">Le syst\u00e8me de sant\u00e9 mexicain occupe actuellement la 29\u1d49 place dans le classement du CEOWORLD Health Care Index*. <\/span><\/span><\/span><span style=\"vertical-align: inherit;\"><span style=\"vertical-align: inherit;\"><span style=\"vertical-align: inherit;\">Il est constitu\u00e9 de plusieurs syst\u00e8mes de s\u00e9curit\u00e9 sociale qui ont pour objectif de rendre la sant\u00e9 accessible \u00e0 toute la population r\u00e9sidant au Mexique. <\/span><\/span><\/span><span style=\"vertical-align: inherit;\"><span style=\"vertical-align: inherit;\"><span style=\"vertical-align: inherit;\">Ainsi, pour profiter de ces services, il est essentiel de bien comprendre le fonctionnement du syst\u00e8me de sant\u00e9 publique mexicain.<\/span><\/span><\/span><\/span><\/p>\r\n\r\n\r\n\r\n<h2 class=\"wp-block-heading\"><span style=\"vertical-align: inherit;\"><span style=\"vertical-align: inherit;\"><span style=\"vertical-align: inherit;\"><span style=\"vertical-align: inherit;\">Num\u00e9ro d&rsquo;urgence<\/span><\/span><\/span><\/span><\/h2>\r\n\r\n\r\n\r\n<p><span style=\"vertical-align: inherit;\"><span style=\"vertical-align: inherit;\"><span style=\"vertical-align: inherit;\"><span style=\"vertical-align: inherit;\">En cas d&rsquo;urgence au Mexique, il faut contacter le 911. Ce num\u00e9ro d&rsquo;urgence est utilis\u00e9 pour l&rsquo;ensemble des urgences m\u00e9dicales, les pompiers et la police. <\/span><\/span><\/span><span style=\"vertical-align: inherit;\"><span style=\"vertical-align: inherit;\"><span style=\"vertical-align: inherit;\">Au Mexique, les ambulances ont des d\u00e9lais d&rsquo;intervention importants. <\/span><\/span><\/span><span style=\"vertical-align: inherit;\"><span style=\"vertical-align: inherit;\"><span style=\"vertical-align: inherit;\">Il existe de nombreuses ambulances priv\u00e9es, qui elles, sont plus rapides et qui permettent de d\u00e9charger les urgences. <\/span><\/span><\/span><span style=\"vertical-align: inherit;\"><span style=\"vertical-align: inherit;\"><span style=\"vertical-align: inherit;\">Cependant, les ambulances priv\u00e9es facturent leurs services \u00e0 des prix tr\u00e8s \u00e9lev\u00e9s. <\/span><\/span><\/span><span style=\"vertical-align: inherit;\"><span style=\"vertical-align: inherit;\"><span style=\"vertical-align: inherit;\">Pour les expatri\u00e9s et les touristes, il existe les \u00ab <\/span><\/span><\/span><\/span><a href=\"https:\/\/www.gob.mx\/sectur\/angelesverdes\" target=\"_blank\" rel=\"noreferrer noopener\"><span style=\"vertical-align: inherit;\"><span style=\"vertical-align: inherit;\"><span style=\"vertical-align: inherit;\"><span style=\"vertical-align: inherit;\">Angeles Verdes<\/span><\/span><\/span><\/span><\/a><span style=\"vertical-align: inherit;\"><span style=\"vertical-align: inherit;\"><span style=\"vertical-align: inherit;\"><span style=\"vertical-align: inherit;\"> \u00bb : c&rsquo;est un service de secours bilingue. <\/span><\/span><\/span><span style=\"vertical-align: inherit;\"><span style=\"vertical-align: inherit;\"><span style=\"vertical-align: inherit;\">Ils fournissent une aide en cas d&rsquo;accident de la route, d&rsquo;urgence m\u00e9dicale ou encore de probl\u00e8me m\u00e9canique. <\/span><\/span><\/span><span style=\"vertical-align: inherit;\"><span style=\"vertical-align: inherit;\"><span style=\"vertical-align: inherit;\">Pour les contacter, il faut composer le 078. Ce service est gratuit.<\/span><\/span><\/span><span style=\"vertical-align: inherit;\"><span style=\"vertical-align: inherit;\"><span style=\"vertical-align: inherit;\">\u00c0 noter, qu&rsquo;au Mexique, il est coutume de leur laisser un pourboire.<\/span><\/span><\/span><\/span><\/p>\r\n\r\n\r\n\r\n<h2 class=\"wp-block-heading\"><span style=\"vertical-align: inherit;\"><span style=\"vertical-align: inherit;\"><span style=\"vertical-align: inherit;\"><span style=\"vertical-align: inherit;\">Le syst\u00e8me de sant\u00e9 publique mexicain<\/span><\/span><\/span><\/span><\/h2>\r\n\r\n\r\n\r\n<p><span style=\"vertical-align: inherit;\"><span style=\"vertical-align: inherit;\"><span style=\"vertical-align: inherit;\"><span style=\"vertical-align: inherit;\">Au Mexique, il existe plusieurs institutions de s\u00e9curit\u00e9 sociale qui permettent aux r\u00e9sidents du pays d&rsquo;acc\u00e9der \u00e0 la sant\u00e9. <\/span><\/span><\/span><span style=\"vertical-align: inherit;\"><span style=\"vertical-align: inherit;\"><span style=\"vertical-align: inherit;\">Chaque syst\u00e8me a ses propres crit\u00e8res d&rsquo;\u00e9ligibilit\u00e9 et de couverture.<\/span><\/span><\/span><\/span><\/p>\r\n\r\n\r\n\r\n<ul class=\"wp-block-list\">\r\n<li><a href=\"http:\/\/www.imss.gob.mx\/\" target=\"_blank\" rel=\"noreferrer noopener\"><span style=\"vertical-align: inherit;\"><span style=\"vertical-align: inherit;\"><span style=\"vertical-align: inherit;\"><span style=\"vertical-align: inherit;\"><span style=\"vertical-align: inherit;\"><span style=\"vertical-align: inherit;\">IMSS<\/span><\/span><\/span><\/span><\/span><\/span><\/a><span style=\"vertical-align: inherit;\"><span style=\"vertical-align: inherit;\"><span style=\"vertical-align: inherit;\"><span style=\"vertical-align: inherit;\"><span style=\"vertical-align: inherit;\"><span style=\"vertical-align: inherit;\"> Institut mexicain de la s\u00e9curit\u00e9 sociale<\/span><\/span><\/span><\/span><\/span><\/span><\/li>\r\n\r\n\r\n\r\n<li><a href=\"https:\/\/www.gob.mx\/issste\" target=\"_blank\" rel=\"noreferrer noopener\"><span style=\"vertical-align: inherit;\"><span style=\"vertical-align: inherit;\"><span style=\"vertical-align: inherit;\"><span style=\"vertical-align: inherit;\"><span style=\"vertical-align: inherit;\"><span style=\"vertical-align: inherit;\">ISSSTE<\/span><\/span><\/span><\/span><\/span><\/span><\/a><span style=\"vertical-align: inherit;\"><span style=\"vertical-align: inherit;\"><span style=\"vertical-align: inherit;\"><span style=\"vertical-align: inherit;\"><span style=\"vertical-align: inherit;\"><span style=\"vertical-align: inherit;\"> \u00a0Institut de la s\u00e9curit\u00e9 et des services sociaux pour les travailleurs de l&rsquo;\u00c9tat<\/span><\/span><\/span><\/span><\/span><\/span><\/li>\r\n\r\n\r\n\r\n<li><a href=\"https:\/\/docs.google.com\/document\/d\/1KEUGZez2cHUDgTXZsHzx6NrnKm4jwZ37IxQ2d_gyo80\/edit#heading=h.a0q5rzbrmvb\" target=\"_blank\" rel=\"noreferrer noopener\"><span style=\"vertical-align: inherit;\"><span style=\"vertical-align: inherit;\"><span style=\"vertical-align: inherit;\"><span style=\"vertical-align: inherit;\"><span style=\"vertical-align: inherit;\"><span style=\"vertical-align: inherit;\">INSABI<\/span><\/span><\/span><\/span><\/span><\/span><\/a><span style=\"vertical-align: inherit;\"><span style=\"vertical-align: inherit;\"><span style=\"vertical-align: inherit;\"><span style=\"vertical-align: inherit;\"><span style=\"vertical-align: inherit;\"><span style=\"vertical-align: inherit;\"> Institut de Sant\u00e9 pour le Bien-\u00eatre<\/span><\/span><\/span><\/span><\/span><\/span><\/li>\r\n<\/ul>\r\n\r\n\r\n\r\n<h3 class=\"wp-block-heading\"><span style=\"vertical-align: inherit;\"><span style=\"vertical-align: inherit;\"><span style=\"vertical-align: inherit;\"><span style=\"vertical-align: inherit;\">IMSS<\/span><\/span><\/span><\/span><\/h3>\r\n\r\n\r\n\r\n<p><span style=\"vertical-align: inherit;\"><span style=\"vertical-align: inherit;\"><span style=\"vertical-align: inherit;\"><span style=\"vertical-align: inherit;\">L&rsquo; <\/span><\/span><\/span><\/span><a href=\"http:\/\/www.imss.gob.mx\/\" target=\"_blank\" rel=\"noreferrer noopener\"><span style=\"vertical-align: inherit;\"><span style=\"vertical-align: inherit;\"><span style=\"vertical-align: inherit;\"><span style=\"vertical-align: inherit;\">Institut Mexicain de la s\u00e9curit\u00e9 sociale<\/span><\/span><\/span><\/span><\/a><span style=\"vertical-align: inherit;\"><span style=\"vertical-align: inherit;\"><span style=\"vertical-align: inherit;\"><span style=\"vertical-align: inherit;\"> offre une couverture m\u00e9dicale \u00e0 la population salari\u00e9e et aux travailleurs ind\u00e9pendants au Mexique. <\/span><\/span><\/span><span style=\"vertical-align: inherit;\"><span style=\"vertical-align: inherit;\"><span style=\"vertical-align: inherit;\">Les employ\u00e9s travaillant dans les entreprises priv\u00e9es peuvent acc\u00e9der \u00e0 ce service de sant\u00e9 publique. <\/span><\/span><\/span><span style=\"vertical-align: inherit;\"><span style=\"vertical-align: inherit;\"><span style=\"vertical-align: inherit;\">Il faut n\u00e9anmoins cotiser pour y acc\u00e9der. <\/span><\/span><\/span><span style=\"vertical-align: inherit;\"><span style=\"vertical-align: inherit;\"><span style=\"vertical-align: inherit;\">Cette cotisation est pr\u00e9lev\u00e9e directement sur les salaires. <\/span><\/span><\/span><span style=\"vertical-align: inherit;\"><span style=\"vertical-align: inherit;\"><span style=\"vertical-align: inherit;\">Le taux de cotisation varie entre 2 % et 10,5 % du salaire brut. <\/span><\/span><\/span><span style=\"vertical-align: inherit;\"><span style=\"vertical-align: inherit;\"><span style=\"vertical-align: inherit;\">L&rsquo;IMSS r\u00e9gule le r\u00e9gime de cotisation \u00ab\u00a0travailleur-employeur\u00a0\u00bb. <\/span><\/span><\/span><span style=\"vertical-align: inherit;\"><span style=\"vertical-align: inherit;\"><span style=\"vertical-align: inherit;\">Les travailleurs ind\u00e9pendants doivent s&rsquo;inscrire et cotiser s&rsquo;ils souhaitent y acc\u00e9der. <\/span><\/span><\/span><span style=\"vertical-align: inherit;\"><span style=\"vertical-align: inherit;\"><span style=\"vertical-align: inherit;\">Les soins sont accessibles uniquement dans le secteur public. <\/span><\/span><\/span><span style=\"vertical-align: inherit;\"><span style=\"vertical-align: inherit;\"><span style=\"vertical-align: inherit;\">En consultant dans le priv\u00e9, les frais de sant\u00e9 ne seront pas pris en charge.\u00a0<\/span><\/span><\/span><\/span><\/p>\r\n\r\n\r\n\r\n<p><span style=\"vertical-align: inherit;\"><span style=\"vertical-align: inherit;\"><span style=\"vertical-align: inherit;\"><span style=\"vertical-align: inherit;\">L&rsquo;IMSS couvre plusieurs services de soins de sant\u00e9 :<\/span><\/span><\/span><\/span><\/p>\r\n\r\n\r\n\r\n<ul class=\"wp-block-list\">\r\n<li><span style=\"vertical-align: inherit;\"><span style=\"vertical-align: inherit;\"><span style=\"vertical-align: inherit;\"><span style=\"vertical-align: inherit;\">Hospitalisation<\/span><\/span><\/span><\/span><\/li>\r\n\r\n\r\n\r\n<li><span style=\"vertical-align: inherit;\"><span style=\"vertical-align: inherit;\"><span style=\"vertical-align: inherit;\"><span style=\"vertical-align: inherit;\">Consultation<\/span><\/span><\/span><\/span><\/li>\r\n\r\n\r\n\r\n<li><span style=\"vertical-align: inherit;\"><span style=\"vertical-align: inherit;\"><span style=\"vertical-align: inherit;\"><span style=\"vertical-align: inherit;\">M\u00e9dicament<\/span><\/span><\/span><\/span><\/li>\r\n<\/ul>\r\n\r\n\r\n\r\n<p><span style=\"vertical-align: inherit;\"><span style=\"vertical-align: inherit;\"><span style=\"vertical-align: inherit;\"><span style=\"vertical-align: inherit;\"><span style=\"vertical-align: inherit;\"><span style=\"vertical-align: inherit;\">L&rsquo;IMSS ne donne pas seulement acc\u00e8s aux soins. <\/span><\/span><\/span><\/span><\/span><span style=\"vertical-align: inherit;\"><span style=\"vertical-align: inherit;\"><span style=\"vertical-align: inherit;\"><span style=\"vertical-align: inherit;\"><span style=\"vertical-align: inherit;\">Il permet aussi de cotiser pour les retraites.<\/span><\/span><\/span><\/span><\/span><\/span><\/p>\r\n\r\n\r\n\r\n<h3 class=\"wp-block-heading\"><span style=\"vertical-align: inherit;\"><span style=\"vertical-align: inherit;\"><span style=\"vertical-align: inherit;\"><span style=\"vertical-align: inherit;\"><span style=\"vertical-align: inherit;\"><span style=\"vertical-align: inherit;\">ISSSTE<\/span><\/span><\/span><\/span><\/span><\/span><\/h3>\r\n\r\n\r\n\r\n<p><span style=\"vertical-align: inherit;\"><span style=\"vertical-align: inherit;\"><span style=\"vertical-align: inherit;\"><span style=\"vertical-align: inherit;\"><span style=\"vertical-align: inherit;\"><span style=\"vertical-align: inherit;\">L&rsquo; <\/span><\/span><\/span><\/span><\/span><\/span><a href=\"https:\/\/www.gob.mx\/issste\" target=\"_blank\" rel=\"noreferrer noopener\"><span style=\"vertical-align: inherit;\"><span style=\"vertical-align: inherit;\"><span style=\"vertical-align: inherit;\"><span style=\"vertical-align: inherit;\"><span style=\"vertical-align: inherit;\"><span style=\"vertical-align: inherit;\">Institut de la S\u00e9curit\u00e9 sociale et des Services pour les Travailleurs de l&rsquo;\u00c9tat<\/span><\/span><\/span><\/span><\/span><\/span><\/a><span style=\"vertical-align: inherit;\"><span style=\"vertical-align: inherit;\"><span style=\"vertical-align: inherit;\"><span style=\"vertical-align: inherit;\"><span style=\"vertical-align: inherit;\"><span style=\"vertical-align: inherit;\"> est un autre syst\u00e8me de s\u00e9curit\u00e9 sociale mexicain. <\/span><\/span><\/span><\/span><\/span><span style=\"vertical-align: inherit;\"><span style=\"vertical-align: inherit;\"><span style=\"vertical-align: inherit;\"><span style=\"vertical-align: inherit;\"><span style=\"vertical-align: inherit;\">Il offre une couverture sant\u00e9 compl\u00e8te aux employ\u00e9s du service public. <\/span><\/span><\/span><\/span><\/span><span style=\"vertical-align: inherit;\"><span style=\"vertical-align: inherit;\"><span style=\"vertical-align: inherit;\"><span style=\"vertical-align: inherit;\"><span style=\"vertical-align: inherit;\">Il couvre notamment :<\/span><\/span><\/span><\/span><\/span><\/span><\/p>\r\n\r\n\r\n\r\n<ul class=\"wp-block-list\">\r\n<li><span style=\"vertical-align: inherit;\"><span style=\"vertical-align: inherit;\"><span style=\"vertical-align: inherit;\"><span style=\"vertical-align: inherit;\"><span style=\"vertical-align: inherit;\"><span style=\"vertical-align: inherit;\">Les soins d&rsquo;urgence<\/span><\/span><\/span><\/span><\/span><\/span><\/li>\r\n\r\n\r\n\r\n<li><span style=\"vertical-align: inherit;\"><span style=\"vertical-align: inherit;\"><span style=\"vertical-align: inherit;\"><span style=\"vertical-align: inherit;\"><span style=\"vertical-align: inherit;\"><span style=\"vertical-align: inherit;\">Les consultations<\/span><\/span><\/span><\/span><\/span><\/span><\/li>\r\n\r\n\r\n\r\n<li><span style=\"vertical-align: inherit;\"><span style=\"vertical-align: inherit;\"><span style=\"vertical-align: inherit;\"><span style=\"vertical-align: inherit;\"><span style=\"vertical-align: inherit;\"><span style=\"vertical-align: inherit;\">Les hospitalisations<\/span><\/span><\/span><\/span><\/span><\/span><\/li>\r\n\r\n\r\n\r\n<li><span style=\"vertical-align: inherit;\"><span style=\"vertical-align: inherit;\"><span style=\"vertical-align: inherit;\"><span style=\"vertical-align: inherit;\"><span style=\"vertical-align: inherit;\"><span style=\"vertical-align: inherit;\">Les m\u00e9dicaments<\/span><\/span><\/span><\/span><\/span><\/span><\/li>\r\n<\/ul>\r\n\r\n\r\n\r\n<p><span style=\"vertical-align: inherit;\"><span style=\"vertical-align: inherit;\"><span style=\"vertical-align: inherit;\"><span style=\"vertical-align: inherit;\"><span style=\"vertical-align: inherit;\"><span style=\"vertical-align: inherit;\">L&rsquo;ISSSTE permet aussi de cotiser pour la retraite. <\/span><\/span><\/span><\/span><\/span><span style=\"vertical-align: inherit;\"><span style=\"vertical-align: inherit;\"><span style=\"vertical-align: inherit;\"><span style=\"vertical-align: inherit;\"><span style=\"vertical-align: inherit;\">Il comprend une prestation d&rsquo;invalidit\u00e9 et d&rsquo;incapacit\u00e9 pour les travailleurs qui ne peuvent plus travailler.<\/span><\/span><\/span><\/span><\/span><\/span><\/p>\r\n\r\n\r\n\r\n<h3 class=\"wp-block-heading\"><span style=\"vertical-align: inherit;\"><span style=\"vertical-align: inherit;\"><span style=\"vertical-align: inherit;\"><span style=\"vertical-align: inherit;\"><span style=\"vertical-align: inherit;\"><span style=\"vertical-align: inherit;\">INSABI<\/span><\/span><\/span><\/span><\/span><\/span><\/h3>\r\n\r\n\r\n\r\n<p><span style=\"vertical-align: inherit;\"><span style=\"vertical-align: inherit;\"><span style=\"vertical-align: inherit;\"><span style=\"vertical-align: inherit;\"><span style=\"vertical-align: inherit;\"><span style=\"vertical-align: inherit;\">L&rsquo; <\/span><\/span><\/span><\/span><\/span><\/span><a href=\"https:\/\/www.gob.mx\/insabi\" target=\"_blank\" rel=\"noreferrer noopener\"><span style=\"vertical-align: inherit;\"><span style=\"vertical-align: inherit;\"><span style=\"vertical-align: inherit;\"><span style=\"vertical-align: inherit;\"><span style=\"vertical-align: inherit;\"><span style=\"vertical-align: inherit;\">Institut de la Sant\u00e9 pour le Bien-\u00eatre<\/span><\/span><\/span><\/span><\/span><\/span><\/a><span style=\"vertical-align: inherit;\"><span style=\"vertical-align: inherit;\"><span style=\"vertical-align: inherit;\"><span style=\"vertical-align: inherit;\"><span style=\"vertical-align: inherit;\"><span style=\"vertical-align: inherit;\"> est un nouveau programme d&rsquo;assurance maladie. <\/span><\/span><\/span><\/span><\/span><span style=\"vertical-align: inherit;\"><span style=\"vertical-align: inherit;\"><span style=\"vertical-align: inherit;\"><span style=\"vertical-align: inherit;\"><span style=\"vertical-align: inherit;\">Il offre une couverture universelle et gratuite \u00e0 tous les r\u00e9sidents au Mexique qui n&rsquo;ont pas acc\u00e8s \u00e0 l&rsquo;IMSS ou \u00e0 l&rsquo;ISSSTE. <\/span><\/span><\/span><\/span><\/span><span style=\"vertical-align: inherit;\"><span style=\"vertical-align: inherit;\"><span style=\"vertical-align: inherit;\"><span style=\"vertical-align: inherit;\"><span style=\"vertical-align: inherit;\">Il remplace le Seguro Popular. <\/span><\/span><\/span><\/span><\/span><span style=\"vertical-align: inherit;\"><span style=\"vertical-align: inherit;\"><span style=\"vertical-align: inherit;\"><span style=\"vertical-align: inherit;\"><span style=\"vertical-align: inherit;\">Le but de l&rsquo;INSABI est de garantir un acc\u00e8s \u00e9quitable \u00e0 la sant\u00e9 pour tous les r\u00e9sidents au Mexique. <\/span><\/span><\/span><\/span><\/span><span style=\"vertical-align: inherit;\"><span style=\"vertical-align: inherit;\"><span style=\"vertical-align: inherit;\"><span style=\"vertical-align: inherit;\"><span style=\"vertical-align: inherit;\">En effet, il n&rsquo;y a pas de condition financi\u00e8re pour acc\u00e9der \u00e0 ce syst\u00e8me de sant\u00e9 publique. <\/span><\/span><\/span><\/span><\/span><span style=\"vertical-align: inherit;\"><span style=\"vertical-align: inherit;\"><span style=\"vertical-align: inherit;\"><span style=\"vertical-align: inherit;\"><span style=\"vertical-align: inherit;\">Les frais de sant\u00e9 sont couverts uniquement si les soins ont \u00e9t\u00e9 effectu\u00e9s dans un \u00e9tablissement public. <\/span><\/span><\/span><\/span><\/span><span style=\"vertical-align: inherit;\"><span style=\"vertical-align: inherit;\"><span style=\"vertical-align: inherit;\"><span style=\"vertical-align: inherit;\"><span style=\"vertical-align: inherit;\">Pour certains soins, il peut y avoir un reste \u00e0 charge. <\/span><\/span><\/span><\/span><\/span><span style=\"vertical-align: inherit;\"><span style=\"vertical-align: inherit;\"><span style=\"vertical-align: inherit;\"><span style=\"vertical-align: inherit;\"><span style=\"vertical-align: inherit;\">Les services de sant\u00e9 pris en charge sont :<\/span><\/span><\/span><\/span><\/span><\/span><\/p>\r\n\r\n\r\n\r\n<ul class=\"wp-block-list\">\r\n<li><span style=\"vertical-align: inherit;\"><span style=\"vertical-align: inherit;\"><span style=\"vertical-align: inherit;\"><span style=\"vertical-align: inherit;\"><span style=\"vertical-align: inherit;\"><span style=\"vertical-align: inherit;\">Les consultations<\/span><\/span><\/span><\/span><\/span><\/span><\/li>\r\n\r\n\r\n\r\n<li><span style=\"vertical-align: inherit;\"><span style=\"vertical-align: inherit;\"><span style=\"vertical-align: inherit;\"><span style=\"vertical-align: inherit;\"><span style=\"vertical-align: inherit;\"><span style=\"vertical-align: inherit;\">Les hospitalisations<\/span><\/span><\/span><\/span><\/span><\/span><\/li>\r\n\r\n\r\n\r\n<li><span style=\"vertical-align: inherit;\"><span style=\"vertical-align: inherit;\"><span style=\"vertical-align: inherit;\"><span style=\"vertical-align: inherit;\"><span style=\"vertical-align: inherit;\"><span style=\"vertical-align: inherit;\">Les m\u00e9dicaments<\/span><\/span><\/span><\/span><\/span><\/span><\/li>\r\n\r\n\r\n\r\n<li><span style=\"vertical-align: inherit;\"><span style=\"vertical-align: inherit;\"><span style=\"vertical-align: inherit;\"><span style=\"vertical-align: inherit;\"><span style=\"vertical-align: inherit;\"><span style=\"vertical-align: inherit;\">Les examens de laboratoire<\/span><\/span><\/span><\/span><\/span><\/span><\/li>\r\n\r\n\r\n\r\n<li><span style=\"vertical-align: inherit;\"><span style=\"vertical-align: inherit;\"><span style=\"vertical-align: inherit;\"><span style=\"vertical-align: inherit;\"><span style=\"vertical-align: inherit;\"><span style=\"vertical-align: inherit;\">Les soins d&rsquo;urgence<\/span><\/span><\/span><\/span><\/span><\/span><\/li>\r\n<\/ul>\r\n\r\n\r\n\r\n<h2 class=\"wp-block-heading\"><span style=\"vertical-align: inherit;\"><span style=\"vertical-align: inherit;\"><span style=\"vertical-align: inherit;\"><span style=\"vertical-align: inherit;\"><span style=\"vertical-align: inherit;\"><span style=\"vertical-align: inherit;\">L&rsquo;accessibilit\u00e9 des Fran\u00e7ais aux syst\u00e8mes de sant\u00e9 publics<\/span><\/span><\/span><\/span><\/span><\/span><\/h2>\r\n\r\n\r\n\r\n<p><span style=\"vertical-align: inherit;\"><span style=\"vertical-align: inherit;\"><span style=\"vertical-align: inherit;\"><span style=\"vertical-align: inherit;\"><span style=\"vertical-align: inherit;\"><span style=\"vertical-align: inherit;\">Les Fran\u00e7ais r\u00e9sidant au Mexique ont acc\u00e8s aux trois syst\u00e8mes de sant\u00e9 publics du pays. <\/span><\/span><\/span><\/span><\/span><span style=\"vertical-align: inherit;\"><span style=\"vertical-align: inherit;\"><span style=\"vertical-align: inherit;\"><span style=\"vertical-align: inherit;\"><span style=\"vertical-align: inherit;\">Pour b\u00e9n\u00e9ficier des services de l&rsquo;IMSS et de l&rsquo;ISSSTE, ils doivent \u00eatre consid\u00e9r\u00e9s comme r\u00e9sidents mexicains et salari\u00e9s dans le priv\u00e9 ou la fonction publique. <\/span><\/span><\/span><\/span><\/span><span style=\"vertical-align: inherit;\"><span style=\"vertical-align: inherit;\"><span style=\"vertical-align: inherit;\"><span style=\"vertical-align: inherit;\"><span style=\"vertical-align: inherit;\">Cependant, il est important de noter que l&rsquo;acc\u00e8s \u00e0 l&rsquo;ISSSTE est r\u00e9serv\u00e9 aux travailleurs du gouvernement mexicain.<\/span><\/span><\/span><\/span><\/span><\/span><\/p>\r\n\r\n\r\n\r\n<p><span style=\"vertical-align: inherit;\"><span style=\"vertical-align: inherit;\"><span style=\"vertical-align: inherit;\"><span style=\"vertical-align: inherit;\"><span style=\"vertical-align: inherit;\"><span style=\"vertical-align: inherit;\">Les Fran\u00e7ais qui ne peuvent ni acc\u00e9der \u00e0 l&rsquo;IMSS ni \u00e0 l&rsquo;ISSSTE peuvent \u00eatre couverts par l&rsquo;INSABI \u00e0 condition d&rsquo;avoir le statut de r\u00e9sident. <\/span><\/span><\/span><\/span><\/span><span style=\"vertical-align: inherit;\"><span style=\"vertical-align: inherit;\"><span style=\"vertical-align: inherit;\"><span style=\"vertical-align: inherit;\"><span style=\"vertical-align: inherit;\">En effet, l&rsquo;INSABI est ouvert \u00e0 tous les r\u00e9sidents du Mexique. <\/span><\/span><\/span><\/span><\/span><span style=\"vertical-align: inherit;\"><span style=\"vertical-align: inherit;\"><span style=\"vertical-align: inherit;\"><span style=\"vertical-align: inherit;\"><span style=\"vertical-align: inherit;\">De plus, il n&rsquo;y a pas de condition de revenu pour y acc\u00e9der.<\/span><\/span><\/span><\/span><\/span><\/span><\/p>\r\n\r\n\r\n\r\n<h2 class=\"wp-block-heading\"><span style=\"vertical-align: inherit;\"><span style=\"vertical-align: inherit;\"><span style=\"vertical-align: inherit;\"><span style=\"vertical-align: inherit;\"><span style=\"vertical-align: inherit;\"><span style=\"vertical-align: inherit;\">Les co\u00fbts de sant\u00e9 au Mexique<\/span><\/span><\/span><\/span><\/span><\/span><\/h2>\r\n\r\n\r\n\r\n<p><span style=\"vertical-align: inherit;\"><span style=\"vertical-align: inherit;\"><span style=\"vertical-align: inherit;\"><span style=\"vertical-align: inherit;\"><span style=\"vertical-align: inherit;\"><span style=\"vertical-align: inherit;\">Les co\u00fbts des soins de sant\u00e9 varient d&rsquo;un pays \u00e0 l&rsquo;autre. <\/span><\/span><\/span><\/span><\/span><span style=\"vertical-align: inherit;\"><span style=\"vertical-align: inherit;\"><span style=\"vertical-align: inherit;\"><span style=\"vertical-align: inherit;\"><span style=\"vertical-align: inherit;\">La France est connue pour maintenir des frais de sant\u00e9 relativement peu \u00e9lev\u00e9s par rapport \u00e0 d&rsquo;autres pays, notamment au Mexique o\u00f9 ils sont en moyenne 4 fois plus \u00e9lev\u00e9s qu&rsquo;en France. <\/span><\/span><\/span><\/span><\/span><span style=\"vertical-align: inherit;\"><span style=\"vertical-align: inherit;\"><span style=\"vertical-align: inherit;\"><span style=\"vertical-align: inherit;\"><span style=\"vertical-align: inherit;\">\u00c0 titre d&rsquo;exemple, une simple consultation chez un m\u00e9decin g\u00e9n\u00e9raliste dans le secteur priv\u00e9 co\u00fbte en moyenne 80 \u20ac au Mexique, contre 25 \u20ac en France. <\/span><\/span><\/span><\/span><\/span><span style=\"vertical-align: inherit;\"><span style=\"vertical-align: inherit;\"><span style=\"vertical-align: inherit;\"><span style=\"vertical-align: inherit;\"><span style=\"vertical-align: inherit;\">De m\u00eame, le co\u00fbt moyen d&rsquo;un accouchement en France est d&rsquo;environ 3 000 \u20ac, tandis qu&rsquo;au Mexique, il faut compter en moyenne 12 000 \u20ac pour accoucher. <\/span><\/span><\/span><\/span><\/span><span style=\"vertical-align: inherit;\"><span style=\"vertical-align: inherit;\"><span style=\"vertical-align: inherit;\"><span style=\"vertical-align: inherit;\"><span style=\"vertical-align: inherit;\">Ci-dessous, vous trouverez d&rsquo;autres exemples pour mieux comprendre l&rsquo;\u00e9cart global des <\/span><\/span><\/span><\/span><\/span><\/span><a href=\"https:\/\/observatoiredelasanteinternationale.fr\/index.php\/le-cout-de-la-sante-en-thailande\/\" target=\"_blank\" rel=\"noreferrer noopener\"><span style=\"vertical-align: inherit;\"><span style=\"vertical-align: inherit;\"><span style=\"vertical-align: inherit;\"><span style=\"vertical-align: inherit;\"><span style=\"vertical-align: inherit;\"><span style=\"vertical-align: inherit;\">frais de sant\u00e9 dans le secteur priv\u00e9 au Mexique.\u00a0<\/span><\/span><\/span><\/span><\/span><\/span><\/a><\/p>\r\n\r\n\r\n<div class=\"wp-block-image\">\r\n<figure class=\"aligncenter size-large\"><img loading=\"lazy\" decoding=\"async\" width=\"359\" height=\"1024\" class=\"wp-image-843 aligncenter\" src=\"https:\/\/observatoiredelasanteinternationale.fr\/wp-content\/uploads\/2023\/04\/couts-de-sante-mexique-359x1024.png\" alt=\"\" srcset=\"https:\/\/observatoiredelasanteinternationale.fr\/wp-content\/uploads\/2023\/04\/couts-de-sante-mexique-359x1024.png 359w, https:\/\/observatoiredelasanteinternationale.fr\/wp-content\/uploads\/2023\/04\/couts-de-sante-mexique-105x300.png 105w, https:\/\/observatoiredelasanteinternationale.fr\/wp-content\/uploads\/2023\/04\/couts-de-sante-mexique-768x2188.png 768w, https:\/\/observatoiredelasanteinternationale.fr\/wp-content\/uploads\/2023\/04\/couts-de-sante-mexique-539x1536.png 539w, https:\/\/observatoiredelasanteinternationale.fr\/wp-content\/uploads\/2023\/04\/couts-de-sante-mexique-719x2048.png 719w\" sizes=\"auto, (max-width: 359px) 100vw, 359px\" \/><\/figure>\r\n<\/div>\r\n\r\n\r\n<p><span style=\"vertical-align: inherit;\"><span style=\"vertical-align: inherit;\"><span style=\"vertical-align: inherit;\"><span style=\"vertical-align: inherit;\">Les frais de sant\u00e9 au Mexique peuvent \u00eatre pris en charge de mani\u00e8res diff\u00e9rentes. <\/span><\/span><\/span><span style=\"vertical-align: inherit;\"><span style=\"vertical-align: inherit;\"><span style=\"vertical-align: inherit;\">Notamment en \u00e9tant affili\u00e9 \u00e0 l&rsquo;un des syst\u00e8mes de s\u00e9curit\u00e9 sociale du pays, ou en souscrivant \u00e0 une assurance sant\u00e9 priv\u00e9e locale ou internationale. <\/span><\/span><\/span><span style=\"vertical-align: inherit;\"><span style=\"vertical-align: inherit;\"><span style=\"vertical-align: inherit;\">Les expatri\u00e9s fran\u00e7ais peuvent \u00e9galement b\u00e9n\u00e9ficier de la couverture de la <\/span><\/span><\/span><\/span><a href=\"https:\/\/blog.santexpat.fr\/2021\/12\/06\/qui-a-droit-a-la-cfe-et-que-couvre-t-elle\/\" target=\"_blank\" rel=\"noreferrer noopener\"><span style=\"vertical-align: inherit;\"><span style=\"vertical-align: inherit;\"><span style=\"vertical-align: inherit;\"><span style=\"vertical-align: inherit;\">Caisse des Fran\u00e7ais \u00e0 l&rsquo;\u00e9tranger<\/span><\/span><\/span><\/span><\/a><span style=\"vertical-align: inherit;\"><span style=\"vertical-align: inherit;\"><span style=\"vertical-align: inherit;\"><span style=\"vertical-align: inherit;\"> (CFE).<\/span><\/span><\/span><\/span><\/p>\r\n\r\n\r\n\r\n<h2 class=\"wp-block-heading\"><span style=\"vertical-align: inherit;\"><span style=\"vertical-align: inherit;\"><span style=\"vertical-align: inherit;\"><span style=\"vertical-align: inherit;\">Parcours de soins<\/span><\/span><\/span><\/span><\/h2>\r\n\r\n\r\n\r\n<p><span style=\"vertical-align: inherit;\"><span style=\"vertical-align: inherit;\"><span style=\"vertical-align: inherit;\"><span style=\"vertical-align: inherit;\">Les parcours de soins varient d&rsquo;un pays \u00e0 l&rsquo;autre. <\/span><\/span><\/span><span style=\"vertical-align: inherit;\"><span style=\"vertical-align: inherit;\"><span style=\"vertical-align: inherit;\">Il est donc important, lorsqu&rsquo;on s&rsquo;installe dans un nouveau pays, de savoir commenter et par qui se faire soign\u00e9 pour b\u00e9n\u00e9ficier d&rsquo;une prise en charge ad\u00e9quate. <\/span><\/span><\/span><span style=\"vertical-align: inherit;\"><span style=\"vertical-align: inherit;\"><span style=\"vertical-align: inherit;\">Voici les \u00e9l\u00e9ments cl\u00e9s \u00e0 conna\u00eetre.<\/span><\/span><\/span><\/span><\/p>\r\n\r\n\r\n\r\n<h3 class=\"wp-block-heading\"><span style=\"vertical-align: inherit;\"><span style=\"vertical-align: inherit;\"><span style=\"vertical-align: inherit;\"><span style=\"vertical-align: inherit;\">In\u00e9galit\u00e9 des soins sur le territoire mexicain<\/span><\/span><\/span><\/span><\/h3>\r\n\r\n\r\n\r\n<p><span style=\"vertical-align: inherit;\"><span style=\"vertical-align: inherit;\"><span style=\"vertical-align: inherit;\"><span style=\"vertical-align: inherit;\">Les \u00e9tablissements de sant\u00e9 mexicains ont une bonne r\u00e9putation. <\/span><\/span><\/span><span style=\"vertical-align: inherit;\"><span style=\"vertical-align: inherit;\"><span style=\"vertical-align: inherit;\">De nombreux m\u00e9decins sont form\u00e9s ou ont travaill\u00e9 aux \u00c9tats-Unis, \u00e9tant donn\u00e9 que le Mexique est un pays frontalier de ce dernier. <\/span><\/span><\/span><span style=\"vertical-align: inherit;\"><span style=\"vertical-align: inherit;\"><span style=\"vertical-align: inherit;\">Ces professionnels exercent principalement dans les h\u00f4pitaux des grandes villes du pays, comme le Mexique, et sont peu pr\u00e9sents en dehors de ces zones urbaines. <\/span><\/span><\/span><span style=\"vertical-align: inherit;\"><span style=\"vertical-align: inherit;\"><span style=\"vertical-align: inherit;\">En cons\u00e9quence, l&rsquo;acc\u00e8s aux soins de sant\u00e9 est in\u00e9gal sur le territoire mexicain, les zones rurales \u00e9tant d\u00e9favoris\u00e9es en termes de disponibilit\u00e9 de m\u00e9decins et d&rsquo;\u00e9quipements m\u00e9dicaux. <\/span><\/span><\/span><span style=\"vertical-align: inherit;\"><span style=\"vertical-align: inherit;\"><span style=\"vertical-align: inherit;\">Il est donc recommand\u00e9 de se rendre dans les grandes villes pour b\u00e9n\u00e9ficier de meilleurs soins.<\/span><\/span><\/span><\/span><\/p>\r\n\r\n\r\n\r\n<h3 class=\"wp-block-heading\"><span style=\"vertical-align: inherit;\"><span style=\"vertical-align: inherit;\"><span style=\"vertical-align: inherit;\"><span style=\"vertical-align: inherit;\">Les M\u00e9decins au Mexique<\/span><\/span><\/span><\/span><\/h3>\r\n\r\n\r\n\r\n<p><span style=\"vertical-align: inherit;\"><span style=\"vertical-align: inherit;\"><span style=\"vertical-align: inherit;\"><span style=\"vertical-align: inherit;\">Au Mexique, il peut \u00eatre compliqu\u00e9 d&rsquo;acc\u00e9der \u00e0 un m\u00e9decin de famille. <\/span><\/span><\/span><span style=\"vertical-align: inherit;\"><span style=\"vertical-align: inherit;\"><span style=\"vertical-align: inherit;\">Notamment d\u00fb au manque de m\u00e9decins dans les zones rurales. <\/span><\/span><\/span><span style=\"vertical-align: inherit;\"><span style=\"vertical-align: inherit;\"><span style=\"vertical-align: inherit;\">Cela s&rsquo;explique aussi par le temps d&rsquo;attente important pour avoir un rendez-vous chez le m\u00e9decin. <\/span><\/span><\/span><span style=\"vertical-align: inherit;\"><span style=\"vertical-align: inherit;\"><span style=\"vertical-align: inherit;\">Lorsqu&rsquo;un patient est enregistr\u00e9 aupr\u00e8s d&rsquo;un m\u00e9decin g\u00e9n\u00e9raliste, il ne peut plus en changer. <\/span><\/span><\/span><span style=\"vertical-align: inherit;\"><span style=\"vertical-align: inherit;\"><span style=\"vertical-align: inherit;\">Pour avoir un rendez-vous avec un sp\u00e9cialiste, le m\u00e9decin g\u00e9n\u00e9raliste doit \u00e9mettre une ordonnance. <\/span><\/span><\/span><span style=\"vertical-align: inherit;\"><span style=\"vertical-align: inherit;\"><span style=\"vertical-align: inherit;\">Sans cette ordonnance, il n&rsquo;est pas possible d&rsquo;avoir un rendez-vous chez un sp\u00e9cialiste dans le secteur public. <\/span><\/span><\/span><span style=\"vertical-align: inherit;\"><span style=\"vertical-align: inherit;\"><span style=\"vertical-align: inherit;\">Le temps d&rsquo;attente est tr\u00e8s long pour obtenir un rendez-vous dans le secteur public. <\/span><\/span><\/span><span style=\"vertical-align: inherit;\"><span style=\"vertical-align: inherit;\"><span style=\"vertical-align: inherit;\">C&rsquo;est pourquoi certaines personnes privil\u00e9gient le syst\u00e8me priv\u00e9 malgr\u00e9 son co\u00fbt plus \u00e9lev\u00e9.<\/span><\/span><\/span><\/span><\/p>\r\n\r\n\r\n\r\n<h3 class=\"wp-block-heading\"><span style=\"vertical-align: inherit;\"><span style=\"vertical-align: inherit;\"><span style=\"vertical-align: inherit;\"><span style=\"vertical-align: inherit;\">Les M\u00e9dicaments au Mexique<\/span><\/span><\/span><\/span><\/h3>\r\n\r\n\r\n\r\n<p><span style=\"vertical-align: inherit;\"><span style=\"vertical-align: inherit;\"><span style=\"vertical-align: inherit;\"><span style=\"vertical-align: inherit;\">Le syst\u00e8me de s\u00e9curit\u00e9 sociale mexicain prend en charge certains m\u00e9dicaments de mani\u00e8re totale ou partielle. <\/span><\/span><\/span><span style=\"vertical-align: inherit;\"><span style=\"vertical-align: inherit;\"><span style=\"vertical-align: inherit;\">Les patients ayant une assurance sant\u00e9 priv\u00e9e doivent se rendre dans une pharmacie affili\u00e9e \u00e0 leur assurance pour obtenir une prise en charge. <\/span><\/span><\/span><span style=\"vertical-align: inherit;\"><span style=\"vertical-align: inherit;\"><span style=\"vertical-align: inherit;\">Cependant, de nombreux m\u00e9dicaments vendus sans ordonnance ne sont pas couverts.<\/span><\/span><\/span><\/span><\/p>\r\n\r\n\r\n\r\n<p><span style=\"vertical-align: inherit;\"><span style=\"vertical-align: inherit;\"><span style=\"vertical-align: inherit;\"><span style=\"vertical-align: inherit;\">Pour les expatri\u00e9s fran\u00e7ais qui vivent au Mexique, il est possible d&rsquo;apporter des m\u00e9dicaments, mais \u00e0 condition de respecter certaines r\u00e8gles. <\/span><\/span><\/span><span style=\"vertical-align: inherit;\"><span style=\"vertical-align: inherit;\"><span style=\"vertical-align: inherit;\">Ils doivent avoir l&rsquo;ordonnance originale ou une ordonnance traduite par un m\u00e9decin, et les m\u00e9dicaments doivent \u00eatre dans leur emballage d&rsquo;origine. <\/span><\/span><\/span><span style=\"vertical-align: inherit;\"><span style=\"vertical-align: inherit;\"><span style=\"vertical-align: inherit;\">Si ces conditions sont remplies et que la quantit\u00e9 de m\u00e9dicaments n&rsquo;est pas excessive, il est possible de les importer dans le pays.<\/span><\/span><\/span><\/span><\/p>\r\n\r\n\r\n\r\n<h2 class=\"wp-block-heading\"><span style=\"vertical-align: inherit;\"><span style=\"vertical-align: inherit;\"><span style=\"vertical-align: inherit;\"><span style=\"vertical-align: inherit;\">Faut-il se faire soigner dans le secteur priv\u00e9 ou public au Mexique ?<\/span><\/span><\/span><\/span><\/h2>\r\n\r\n\r\n\r\n<p><span style=\"vertical-align: inherit;\"><span style=\"vertical-align: inherit;\"><span style=\"vertical-align: inherit;\"><span style=\"vertical-align: inherit;\">La qualit\u00e9 des soins varie en fonction des \u00e9tablissements et non pas uniquement du secteur. <\/span><\/span><\/span><span style=\"vertical-align: inherit;\"><span style=\"vertical-align: inherit;\"><span style=\"vertical-align: inherit;\">De ce fait, il est important de v\u00e9rifier la r\u00e9putation et les avis de l&rsquo;\u00e9tablissement avant de s&rsquo;y rendre. <\/span><\/span><\/span><span style=\"vertical-align: inherit;\"><span style=\"vertical-align: inherit;\"><span style=\"vertical-align: inherit;\">Il y a plusieurs facteurs \u00e0 prendre en compte pour choisir ou se faire soigner, comme son \u00e9tat de sant\u00e9, sa situation financi\u00e8re, sa qualit\u00e9 et l&rsquo;accessibilit\u00e9 des soins.\u00a0<\/span><\/span><\/span><\/span><\/p>\r\n\r\n\r\n\r\n<h3 class=\"wp-block-heading\"><span style=\"vertical-align: inherit;\"><span style=\"vertical-align: inherit;\"><span style=\"vertical-align: inherit;\"><span style=\"vertical-align: inherit;\">La diff\u00e9rence de co\u00fbt entre le secteur public et priv\u00e9<\/span><\/span><\/span><\/span><\/h3>\r\n\r\n\r\n\r\n<p><span style=\"vertical-align: inherit;\"><span style=\"vertical-align: inherit;\"><span style=\"vertical-align: inherit;\"><span style=\"vertical-align: inherit;\">Les frais de soins au Mexique sont moins \u00e9lev\u00e9s dans le secteur public o\u00f9 l&rsquo;IMSS prend en charge certains services de sant\u00e9. <\/span><\/span><\/span><span style=\"vertical-align: inherit;\"><span style=\"vertical-align: inherit;\"><span style=\"vertical-align: inherit;\">En revanche, dans le secteur priv\u00e9, les co\u00fbts sont plus \u00e9lev\u00e9s et ne sont pas couverts par le syst\u00e8me de s\u00e9curit\u00e9 sociale mexicain.<\/span><\/span><\/span><\/span><\/p>\r\n\r\n\r\n\r\n<h3 class=\"wp-block-heading\"><span style=\"vertical-align: inherit;\"><span style=\"vertical-align: inherit;\"><span style=\"vertical-align: inherit;\"><span style=\"vertical-align: inherit;\">Choix et rapidit\u00e9 dans le parcours de soins\u00a0<\/span><\/span><\/span><\/span><\/h3>\r\n\r\n\r\n\r\n<p><span style=\"vertical-align: inherit;\"><span style=\"vertical-align: inherit;\"><span style=\"vertical-align: inherit;\"><span style=\"vertical-align: inherit;\">Le syst\u00e8me de sant\u00e9 priv\u00e9 permet d&rsquo;avoir acc\u00e8s \u00e0 plus de confort dans la prise en charge des soins. <\/span><\/span><\/span><span style=\"vertical-align: inherit;\"><span style=\"vertical-align: inherit;\"><span style=\"vertical-align: inherit;\">Le secteur priv\u00e9 donne la possibilit\u00e9 de choisir son m\u00e9decin de famille et d&rsquo;avoir des rendez-vous avec des sp\u00e9cialistes de son choix plus rapidement. <\/span><\/span><\/span><span style=\"vertical-align: inherit;\"><span style=\"vertical-align: inherit;\"><span style=\"vertical-align: inherit;\">De plus, les \u00e9tablissements priv\u00e9s proposent un plus grand confort gr\u00e2ce au meilleur mat\u00e9riel ou encore gr\u00e2ce \u00e0 la possibilit\u00e9 d&rsquo;avoir une chambre individuelle. <\/span><\/span><\/span><span style=\"vertical-align: inherit;\"><span style=\"vertical-align: inherit;\"><span style=\"vertical-align: inherit;\">Pour les expatri\u00e9s et tout Fran\u00e7ais r\u00e9sidant au Mexique, il peut \u00eatre int\u00e9ressant de se rendre dans les h\u00f4pitaux priv\u00e9s des grandes villes, car ils disposent du personnel soignant bilingue. <\/span><\/span><\/span><span style=\"vertical-align: inherit;\"><span style=\"vertical-align: inherit;\"><span style=\"vertical-align: inherit;\">Cela peut permettre une meilleure expression de ses sympt\u00f4mes et une meilleure compr\u00e9hension lors d&rsquo;un diagnostic.\u00a0<\/span><\/span><\/span><\/span><\/p>\r\n\r\n\r\n\r\n<p><span style=\"vertical-align: inherit;\"><span style=\"vertical-align: inherit;\"><span style=\"vertical-align: inherit;\"><span style=\"vertical-align: inherit;\">Le secteur public ne propose pas ces services. <\/span><\/span><\/span><span style=\"vertical-align: inherit;\"><span style=\"vertical-align: inherit;\"><span style=\"vertical-align: inherit;\">Celui-ci est souvent encombr\u00e9, en particulier le service des urgences. <\/span><\/span><\/span><span style=\"vertical-align: inherit;\"><span style=\"vertical-align: inherit;\"><span style=\"vertical-align: inherit;\">Le temps d&rsquo;attente pour avoir un rendez-vous chez un sp\u00e9cialiste est tr\u00e8s long. <\/span><\/span><\/span><span style=\"vertical-align: inherit;\"><span style=\"vertical-align: inherit;\"><span style=\"vertical-align: inherit;\">En effet, comme la population mexicaine est couverte par la s\u00e9curit\u00e9 sociale uniquement dans le secteur public, cela cr\u00e9e une saturation du secteur de sant\u00e9 publique pour avoir acc\u00e8s aux soins.<\/span><\/span><\/span><\/span><\/p>\r\n\r\n\r\n\r\n<p><span style=\"vertical-align: inherit;\"><span style=\"vertical-align: inherit;\"><span style=\"vertical-align: inherit;\"><span style=\"vertical-align: inherit;\">Il est important d&rsquo;avoir une <\/span><\/span><\/span><\/span><a href=\"https:\/\/blog.santexpat.fr\/2022\/08\/01\/quelle-assurance-pour-le-mexique-focus-sur-les-assurances-pour-un-voyage-a-mexico\/\" target=\"_blank\" rel=\"noreferrer noopener\"><span style=\"vertical-align: inherit;\"><span style=\"vertical-align: inherit;\"><span style=\"vertical-align: inherit;\"><span style=\"vertical-align: inherit;\">couverture sant\u00e9 au Mexique<\/span><\/span><\/span><\/span><\/a><span style=\"vertical-align: inherit;\"><span style=\"vertical-align: inherit;\"><span style=\"vertical-align: inherit;\"><span style=\"vertical-align: inherit;\"> , car les co\u00fbts de sant\u00e9 sont \u00e9lev\u00e9s. <\/span><\/span><\/span><span style=\"vertical-align: inherit;\"><span style=\"vertical-align: inherit;\"><span style=\"vertical-align: inherit;\">Le syst\u00e8me de sant\u00e9 publique mexicain est complexe. <\/span><\/span><\/span><span style=\"vertical-align: inherit;\"><span style=\"vertical-align: inherit;\"><span style=\"vertical-align: inherit;\">N\u00e9anmoins, il donne acc\u00e8s aux soins gratuitement ou avec un reste \u00e0 charge aux r\u00e9sidents du pays. <\/span><\/span><\/span><span style=\"vertical-align: inherit;\"><span style=\"vertical-align: inherit;\"><span style=\"vertical-align: inherit;\">Il est possible de souscrire \u00e0 une assurance sant\u00e9 priv\u00e9e ou \u00e0 une mutuelle compl\u00e9mentaire pour pallier le reste \u00e0 charge ou pour avoir acc\u00e8s au syst\u00e8me de sant\u00e9 priv\u00e9.<\/span><\/span><\/span><\/span><\/p>\r\n\r\n\r\n\r\n<p><span style=\"vertical-align: inherit;\"><span style=\"vertical-align: inherit;\"><span style=\"vertical-align: inherit;\"><span style=\"vertical-align: inherit;\"><span style=\"vertical-align: inherit;\"><span style=\"vertical-align: inherit;\">*Le Magazine CEOWORLD Health Care Index a publi\u00e9 en 2021 un classement de 89 pays sur la base de plusieurs crit\u00e8res entrant dans la composition d&rsquo;un indice de sant\u00e9 globale.<\/span><\/span><\/span><\/span><\/span><\/span><\/p>\r\n","protected":false},"excerpt":{"rendered":"<p>Le syst\u00e8me de sant\u00e9 mexicain occupe actuellement la 29\u1d49 place dans le classement du CEOWORLD Health Care Index*. Il est constitu\u00e9 de plusieurs syst\u00e8mes de s\u00e9curit\u00e9 sociale qui ont pour objectif de rendre la sant\u00e9 accessible \u00e0 toute la population r\u00e9sidant au Mexique.<\/p>\n","protected":false},"author":1,"featured_media":890,"comment_status":"open","ping_status":"open","sticky":false,"template":"","format":"standard","meta":{"footnotes":""},"categories":[4],"tags":[22,43,45,44,28],"class_list":{"0":"post-842","1":"post","2":"type-post","3":"status-publish","4":"format-standard","5":"has-post-thumbnail","7":"category-blog","8":"tag-cout-de-sante","9":"tag-imss","10":"tag-insabi","11":"tag-issste","12":"tag-mexique"},"yoast_head":"<!-- This site is optimized with the Yoast SEO plugin v20.12 - https:\/\/yoast.com\/wordpress\/plugins\/seo\/ -->\n<title>Comprendre le syst\u00e8me de sant\u00e9 mexicain<\/title>\n<meta name=\"description\" content=\"Le syst\u00e8me de sant\u00e9 publique est compos\u00e9 de trois syst\u00e8mes de s\u00e9curit\u00e9 sociale pour couvrir l&#039;ensemble de la population mexicain.\" \/>\n<meta name=\"robots\" content=\"index, follow, max-snippet:-1, max-image-preview:large, max-video-preview:-1\" \/>\n<link rel=\"canonical\" href=\"https:\/\/observatoiredelasanteinternationale.fr\/index.php\/2023\/04\/24\/comprendre-le-systeme-de-sante-mexicain\/\" \/>\n<meta property=\"og:locale\" content=\"fr_FR\" \/>\n<meta property=\"og:type\" content=\"article\" \/>\n<meta property=\"og:title\" content=\"Comprendre le syst\u00e8me de sant\u00e9 mexicain\" \/>\n<meta property=\"og:description\" content=\"Le syst\u00e8me de sant\u00e9 publique est compos\u00e9 de trois syst\u00e8mes de s\u00e9curit\u00e9 sociale pour couvrir l&#039;ensemble de la population mexicain.\" \/>\n<meta property=\"og:url\" content=\"https:\/\/observatoiredelasanteinternationale.fr\/index.php\/2023\/04\/24\/comprendre-le-systeme-de-sante-mexicain\/\" \/>\n<meta property=\"og:site_name\" content=\"Observatoire de la Sant\u00e9 Internationale\" \/>\n<meta property=\"article:published_time\" content=\"2023-04-24T11:41:03+00:00\" \/>\n<meta property=\"article:modified_time\" content=\"2023-04-24T11:46:30+00:00\" \/>\n<meta property=\"og:image\" content=\"http:\/\/observatoiredelasanteinternationale.fr\/wp-content\/uploads\/2023\/04\/pexels-lan-yao-6751982-scaled.jpg\" \/>\n\t<meta property=\"og:image:width\" content=\"2560\" \/>\n\t<meta property=\"og:image:height\" content=\"1707\" \/>\n\t<meta property=\"og:image:type\" content=\"image\/jpeg\" \/>\n<meta name=\"author\" content=\"sxpadm-obs-729\" \/>\n<meta name=\"twitter:card\" content=\"summary_large_image\" \/>\n<meta name=\"twitter:label1\" content=\"\u00c9crit par\" \/>\n\t<meta name=\"twitter:data1\" content=\"sxpadm-obs-729\" \/>\n\t<meta name=\"twitter:label2\" content=\"Dur\u00e9e de lecture estim\u00e9e\" \/>\n\t<meta name=\"twitter:data2\" content=\"9 minutes\" \/>\n<script type=\"application\/ld+json\" class=\"yoast-schema-graph\">{\"@context\":\"https:\/\/schema.org\",\"@graph\":[{\"@type\":\"WebPage\",\"@id\":\"https:\/\/observatoiredelasanteinternationale.fr\/index.php\/2023\/04\/24\/comprendre-le-systeme-de-sante-mexicain\/\",\"url\":\"https:\/\/observatoiredelasanteinternationale.fr\/index.php\/2023\/04\/24\/comprendre-le-systeme-de-sante-mexicain\/\",\"name\":\"Comprendre le syst\u00e8me de sant\u00e9 mexicain\",\"isPartOf\":{\"@id\":\"https:\/\/observatoiredelasanteinternationale.fr\/#website\"},\"datePublished\":\"2023-04-24T11:41:03+00:00\",\"dateModified\":\"2023-04-24T11:46:30+00:00\",\"author\":{\"@id\":\"https:\/\/observatoiredelasanteinternationale.fr\/#\/schema\/person\/3084181ae5421d3a08666cc474d83e9a\"},\"description\":\"Le syst\u00e8me de sant\u00e9 publique est compos\u00e9 de trois syst\u00e8mes de s\u00e9curit\u00e9 sociale pour couvrir l'ensemble de la population mexicain.\",\"breadcrumb\":{\"@id\":\"https:\/\/observatoiredelasanteinternationale.fr\/index.php\/2023\/04\/24\/comprendre-le-systeme-de-sante-mexicain\/#breadcrumb\"},\"inLanguage\":\"fr-FR\",\"potentialAction\":[{\"@type\":\"ReadAction\",\"target\":[\"https:\/\/observatoiredelasanteinternationale.fr\/index.php\/2023\/04\/24\/comprendre-le-systeme-de-sante-mexicain\/\"]}]},{\"@type\":\"BreadcrumbList\",\"@id\":\"https:\/\/observatoiredelasanteinternationale.fr\/index.php\/2023\/04\/24\/comprendre-le-systeme-de-sante-mexicain\/#breadcrumb\",\"itemListElement\":[{\"@type\":\"ListItem\",\"position\":1,\"name\":\"Home\",\"item\":\"https:\/\/observatoiredelasanteinternationale.fr\/\"},{\"@type\":\"ListItem\",\"position\":2,\"name\":\"Comprendre le syst\u00e8me de sant\u00e9 mexicain\"}]},{\"@type\":\"WebSite\",\"@id\":\"https:\/\/observatoiredelasanteinternationale.fr\/#website\",\"url\":\"https:\/\/observatoiredelasanteinternationale.fr\/\",\"name\":\"Observatoire de la Sant\u00e9 Internationale\",\"description\":\"Un site utilisant WordPress\",\"potentialAction\":[{\"@type\":\"SearchAction\",\"target\":{\"@type\":\"EntryPoint\",\"urlTemplate\":\"https:\/\/observatoiredelasanteinternationale.fr\/?s={search_term_string}\"},\"query-input\":\"required name=search_term_string\"}],\"inLanguage\":\"fr-FR\"},{\"@type\":\"Person\",\"@id\":\"https:\/\/observatoiredelasanteinternationale.fr\/#\/schema\/person\/3084181ae5421d3a08666cc474d83e9a\",\"name\":\"sxpadm-obs-729\",\"image\":{\"@type\":\"ImageObject\",\"inLanguage\":\"fr-FR\",\"@id\":\"https:\/\/observatoiredelasanteinternationale.fr\/#\/schema\/person\/image\/\",\"url\":\"https:\/\/secure.gravatar.com\/avatar\/bc9def7f22092d598f6204bb626965b96449cbb806ad7df03b21cfbaf31a145c?s=96&d=mm&r=g\",\"contentUrl\":\"https:\/\/secure.gravatar.com\/avatar\/bc9def7f22092d598f6204bb626965b96449cbb806ad7df03b21cfbaf31a145c?s=96&d=mm&r=g\",\"caption\":\"sxpadm-obs-729\"},\"sameAs\":[\"http:\/\/observatoiredelasanteinternationale.fr\"],\"url\":\"https:\/\/observatoiredelasanteinternationale.fr\/index.php\/author\/sxpadm-obs-729\/\"}]}<\/script>\n<!-- \/ Yoast SEO plugin. -->","yoast_head_json":{"title":"Comprendre le syst\u00e8me de sant\u00e9 mexicain","description":"Le syst\u00e8me de sant\u00e9 publique est compos\u00e9 de trois syst\u00e8mes de s\u00e9curit\u00e9 sociale pour couvrir l'ensemble de la population mexicain.","robots":{"index":"index","follow":"follow","max-snippet":"max-snippet:-1","max-image-preview":"max-image-preview:large","max-video-preview":"max-video-preview:-1"},"canonical":"https:\/\/observatoiredelasanteinternationale.fr\/index.php\/2023\/04\/24\/comprendre-le-systeme-de-sante-mexicain\/","og_locale":"fr_FR","og_type":"article","og_title":"Comprendre le syst\u00e8me de sant\u00e9 mexicain","og_description":"Le syst\u00e8me de sant\u00e9 publique est compos\u00e9 de trois syst\u00e8mes de s\u00e9curit\u00e9 sociale pour couvrir l'ensemble de la population mexicain.","og_url":"https:\/\/observatoiredelasanteinternationale.fr\/index.php\/2023\/04\/24\/comprendre-le-systeme-de-sante-mexicain\/","og_site_name":"Observatoire de la Sant\u00e9 Internationale","article_published_time":"2023-04-24T11:41:03+00:00","article_modified_time":"2023-04-24T11:46:30+00:00","og_image":[{"width":2560,"height":1707,"url":"http:\/\/observatoiredelasanteinternationale.fr\/wp-content\/uploads\/2023\/04\/pexels-lan-yao-6751982-scaled.jpg","type":"image\/jpeg"}],"author":"sxpadm-obs-729","twitter_card":"summary_large_image","twitter_misc":{"\u00c9crit par":"sxpadm-obs-729","Dur\u00e9e de lecture estim\u00e9e":"9 minutes"},"schema":{"@context":"https:\/\/schema.org","@graph":[{"@type":"WebPage","@id":"https:\/\/observatoiredelasanteinternationale.fr\/index.php\/2023\/04\/24\/comprendre-le-systeme-de-sante-mexicain\/","url":"https:\/\/observatoiredelasanteinternationale.fr\/index.php\/2023\/04\/24\/comprendre-le-systeme-de-sante-mexicain\/","name":"Comprendre le syst\u00e8me de sant\u00e9 mexicain","isPartOf":{"@id":"https:\/\/observatoiredelasanteinternationale.fr\/#website"},"datePublished":"2023-04-24T11:41:03+00:00","dateModified":"2023-04-24T11:46:30+00:00","author":{"@id":"https:\/\/observatoiredelasanteinternationale.fr\/#\/schema\/person\/3084181ae5421d3a08666cc474d83e9a"},"description":"Le syst\u00e8me de sant\u00e9 publique est compos\u00e9 de trois syst\u00e8mes de s\u00e9curit\u00e9 sociale pour couvrir l'ensemble de la population mexicain.","breadcrumb":{"@id":"https:\/\/observatoiredelasanteinternationale.fr\/index.php\/2023\/04\/24\/comprendre-le-systeme-de-sante-mexicain\/#breadcrumb"},"inLanguage":"fr-FR","potentialAction":[{"@type":"ReadAction","target":["https:\/\/observatoiredelasanteinternationale.fr\/index.php\/2023\/04\/24\/comprendre-le-systeme-de-sante-mexicain\/"]}]},{"@type":"BreadcrumbList","@id":"https:\/\/observatoiredelasanteinternationale.fr\/index.php\/2023\/04\/24\/comprendre-le-systeme-de-sante-mexicain\/#breadcrumb","itemListElement":[{"@type":"ListItem","position":1,"name":"Home","item":"https:\/\/observatoiredelasanteinternationale.fr\/"},{"@type":"ListItem","position":2,"name":"Comprendre le syst\u00e8me de sant\u00e9 mexicain"}]},{"@type":"WebSite","@id":"https:\/\/observatoiredelasanteinternationale.fr\/#website","url":"https:\/\/observatoiredelasanteinternationale.fr\/","name":"Observatoire de la Sant\u00e9 Internationale","description":"Un site utilisant WordPress","potentialAction":[{"@type":"SearchAction","target":{"@type":"EntryPoint","urlTemplate":"https:\/\/observatoiredelasanteinternationale.fr\/?s={search_term_string}"},"query-input":"required name=search_term_string"}],"inLanguage":"fr-FR"},{"@type":"Person","@id":"https:\/\/observatoiredelasanteinternationale.fr\/#\/schema\/person\/3084181ae5421d3a08666cc474d83e9a","name":"sxpadm-obs-729","image":{"@type":"ImageObject","inLanguage":"fr-FR","@id":"https:\/\/observatoiredelasanteinternationale.fr\/#\/schema\/person\/image\/","url":"https:\/\/secure.gravatar.com\/avatar\/bc9def7f22092d598f6204bb626965b96449cbb806ad7df03b21cfbaf31a145c?s=96&d=mm&r=g","contentUrl":"https:\/\/secure.gravatar.com\/avatar\/bc9def7f22092d598f6204bb626965b96449cbb806ad7df03b21cfbaf31a145c?s=96&d=mm&r=g","caption":"sxpadm-obs-729"},"sameAs":["http:\/\/observatoiredelasanteinternationale.fr"],"url":"https:\/\/observatoiredelasanteinternationale.fr\/index.php\/author\/sxpadm-obs-729\/"}]}},"_links":{"self":[{"href":"https:\/\/observatoiredelasanteinternationale.fr\/index.php\/wp-json\/wp\/v2\/posts\/842","targetHints":{"allow":["GET"]}}],"collection":[{"href":"https:\/\/observatoiredelasanteinternationale.fr\/index.php\/wp-json\/wp\/v2\/posts"}],"about":[{"href":"https:\/\/observatoiredelasanteinternationale.fr\/index.php\/wp-json\/wp\/v2\/types\/post"}],"author":[{"embeddable":true,"href":"https:\/\/observatoiredelasanteinternationale.fr\/index.php\/wp-json\/wp\/v2\/users\/1"}],"replies":[{"embeddable":true,"href":"https:\/\/observatoiredelasanteinternationale.fr\/index.php\/wp-json\/wp\/v2\/comments?post=842"}],"version-history":[{"count":15,"href":"https:\/\/observatoiredelasanteinternationale.fr\/index.php\/wp-json\/wp\/v2\/posts\/842\/revisions"}],"predecessor-version":[{"id":894,"href":"https:\/\/observatoiredelasanteinternationale.fr\/index.php\/wp-json\/wp\/v2\/posts\/842\/revisions\/894"}],"wp:featuredmedia":[{"embeddable":true,"href":"https:\/\/observatoiredelasanteinternationale.fr\/index.php\/wp-json\/wp\/v2\/media\/890"}],"wp:attachment":[{"href":"https:\/\/observatoiredelasanteinternationale.fr\/index.php\/wp-json\/wp\/v2\/media?parent=842"}],"wp:term":[{"taxonomy":"category","embeddable":true,"href":"https:\/\/observatoiredelasanteinternationale.fr\/index.php\/wp-json\/wp\/v2\/categories?post=842"},{"taxonomy":"post_tag","embeddable":true,"href":"https:\/\/observatoiredelasanteinternationale.fr\/index.php\/wp-json\/wp\/v2\/tags?post=842"}],"curies":[{"name":"wp","href":"https:\/\/api.w.org\/{rel}","templated":true}]}}